{"id":707,"date":"2018-09-10T15:47:28","date_gmt":"2018-09-10T13:47:28","guid":{"rendered":"https:\/\/scheffler-bad-saarow.de\/fahrrad\/?p=707"},"modified":"2018-09-10T15:58:08","modified_gmt":"2018-09-10T13:58:08","slug":"allgemeine-geschaeftsbedingungen-fuer-die-fahrzeugvermietung","status":"publish","type":"post","link":"https:\/\/scheffler-bad-saarow.de\/fahrrad\/2018\/09\/10\/allgemeine-geschaeftsbedingungen-fuer-die-fahrzeugvermietung\/","title":{"rendered":"Allgemeine Gesch\u00e4ftsbedingungen f\u00fcr die Fahrzeugvermietung"},"content":{"rendered":"<ol>\n<li>Der Vermieter \u00fcbergibt das Fahrzeug in einem technisch ordnungsgem\u00e4\u00dfen und verkehrssicheren Zustand. Er f\u00fchrt erforderliche Anpassungen, z.B. Einstellen der Sattelh\u00f6he selbst durch.<\/li>\n<li>Der Mieter ist verpflichtet, das Fahrzeug sorgf\u00e4ltig zu behandeln. F\u00fcr Sch\u00e4den am Fahrzeug, die durch unsachgem\u00e4\u00dfe Behandlung entstehen (z.B. fahren mit zu niedrigem Luftdruck in den Reifen, fahren \u00fcber Bordsteinkanten oder \u00fcberlasten des Fahrzeuges) sowie f\u00fcr Diebstahl haftet der Mieter, es sei denn der Mieter hat eine Fahrradversicherung f\u00fcr 1,50 \u20ac pro Tag abgeschlossen.<br \/>\nBei Diebstahl hat der Mieter bei vorhandener Versicherung eine Selbstbeteiligung von 250,- \u20ac zu zahlen.<\/li>\n<li>Es ist dem Mieter nicht gestattet, eigenm\u00e4chtige Einstellungen (z.B. ver\u00e4ndern der Sattel- oder Lenkereinstellung) am Fahrzeug vorzunehmen. Es ist ebenfalls nicht erlaubt, Kindersitze oder K\u00f6rbe anzubringen.<\/li>\n<li>Die Nutzung der Mietgegenst\u00e4nde geschieht auf eigene Gefahr.<\/li>\n<li>Treten bei der Nutzung des gemieteten Fahrzeuges M\u00e4ngel auf, so ist der Mieter verpflichtet, dieses bei der R\u00fcckgabe des Fahrzeuges dem Vermieter mitzuteilen, auch wenn der Schaden inzwischen behoben ist.<\/li>\n<li>Wird das Fahrzeug in einem sehr stark verschmutzten Zustand zur\u00fcckgebracht, wird vom Vermieter f\u00fcr die Reinigung eine Geb\u00fchr von 5,- \u20ac erhoben.<\/li>\n<li>Wird von einer verbindlichen Bestellung zur\u00fcckgetreten, so werden folgende Geb\u00fchren erhoben.<br \/>\n\u2022 R\u00fccktritt 48 Stunden oder mehr vor dem Miettermin = 20 % des Mietpreises<br \/>\n\u2022 R\u00fccktritt weniger als 48 Stunden vor dem Miettermin = 40% des Mietpreises<br \/>\n\u2022 R\u00fccktritt weniger als 24 Stunden vor dem Miettermin = 100% des Mietpreises.<\/li>\n<li>Bei vorzeitiger R\u00fcckgabe erfolgt keine Erstattung des Mietpreises<\/li>\n<li>Die Fahrzeuge sind bin 10:00 Uhr am Folgetag oder nach Absprache zur\u00fcckzugeben.<\/li>\n<li>Der Gerichtsstand ist F\u00fcrstenwalde.<\/li>\n<\/ol>\n","protected":false},"excerpt":{"rendered":"<p>Der Vermieter \u00fcbergibt das Fahrzeug in einem technisch ordnungsgem\u00e4\u00dfen und verkehrssicheren Zustand. Er f\u00fchrt erforderliche Anpassungen, z.B. Einstellen der Sattelh\u00f6he selbst durch. Der Mieter ist verpflichtet, das Fahrzeug sorgf\u00e4ltig zu behandeln. F\u00fcr Sch\u00e4den am Fahrzeug, die durch unsachgem\u00e4\u00dfe Behandlung entstehen (z.B. fahren mit zu niedrigem Luftdruck in den Reifen, fahren \u00fcber Bordsteinkanten oder \u00fcberlasten des [&hellip;]<\/p>\n","protected":false},"author":1,"featured_media":0,"comment_status":"open","ping_status":"open","sticky":false,"template":"","format":"standard","meta":{"footnotes":""},"categories":[33],"tags":[],"class_list":["post-707","post","type-post","status-publish","format-standard","hentry","category-leihfahrraeder"],"yoast_head":"<!-- This site is optimized with the Yoast SEO plugin v27.4 - https:\/\/yoast.com\/product\/yoast-seo-wordpress\/ -->\n<title>Allgemeine Gesch\u00e4ftsbedingungen f\u00fcr die Fahrzeugvermietung - Scheffler - Home Of Bikes<\/title>\n<meta name=\"robots\" content=\"index, follow, max-snippet:-1, max-image-preview:large, max-video-preview:-1\" \/>\n<link rel=\"canonical\" href=\"https:\/\/scheffler-bad-saarow.de\/fahrrad\/2018\/09\/10\/allgemeine-geschaeftsbedingungen-fuer-die-fahrzeugvermietung\/\" \/>\n<meta property=\"og:locale\" content=\"de_DE\" \/>\n<meta property=\"og:type\" content=\"article\" \/>\n<meta property=\"og:title\" content=\"Allgemeine Gesch\u00e4ftsbedingungen f\u00fcr die Fahrzeugvermietung - Scheffler - Home Of Bikes\" \/>\n<meta property=\"og:description\" content=\"Der Vermieter \u00fcbergibt das Fahrzeug in einem technisch ordnungsgem\u00e4\u00dfen und verkehrssicheren Zustand. Er f\u00fchrt erforderliche Anpassungen, z.B. Einstellen der Sattelh\u00f6he selbst durch. Der Mieter ist verpflichtet, das Fahrzeug sorgf\u00e4ltig zu behandeln. F\u00fcr Sch\u00e4den am Fahrzeug, die durch unsachgem\u00e4\u00dfe Behandlung entstehen (z.B. fahren mit zu niedrigem Luftdruck in den Reifen, fahren \u00fcber Bordsteinkanten oder \u00fcberlasten des [&hellip;]\" \/>\n<meta property=\"og:url\" content=\"https:\/\/scheffler-bad-saarow.de\/fahrrad\/2018\/09\/10\/allgemeine-geschaeftsbedingungen-fuer-die-fahrzeugvermietung\/\" \/>\n<meta property=\"og:site_name\" content=\"Scheffler - Home Of Bikes\" \/>\n<meta property=\"article:published_time\" content=\"2018-09-10T13:47:28+00:00\" \/>\n<meta property=\"article:modified_time\" content=\"2018-09-10T13:58:08+00:00\" \/>\n<meta name=\"author\" content=\"osec\" \/>\n<meta name=\"twitter:card\" content=\"summary_large_image\" \/>\n<meta name=\"twitter:label1\" content=\"Verfasst von\" \/>\n\t<meta name=\"twitter:data1\" content=\"osec\" \/>\n\t<meta name=\"twitter:label2\" content=\"Gesch\u00e4tzte Lesezeit\" \/>\n\t<meta name=\"twitter:data2\" content=\"1\u00a0Minute\" \/>\n<script type=\"application\/ld+json\" class=\"yoast-schema-graph\">{\"@context\":\"https:\\\/\\\/schema.org\",\"@graph\":[{\"@type\":\"Article\",\"@id\":\"https:\\\/\\\/scheffler-bad-saarow.de\\\/fahrrad\\\/2018\\\/09\\\/10\\\/allgemeine-geschaeftsbedingungen-fuer-die-fahrzeugvermietung\\\/#article\",\"isPartOf\":{\"@id\":\"https:\\\/\\\/scheffler-bad-saarow.de\\\/fahrrad\\\/2018\\\/09\\\/10\\\/allgemeine-geschaeftsbedingungen-fuer-die-fahrzeugvermietung\\\/\"},\"author\":{\"name\":\"osec\",\"@id\":\"https:\\\/\\\/scheffler-bad-saarow.de\\\/fahrrad\\\/#\\\/schema\\\/person\\\/55a14bd8b1b65762a6c7bcc95d4ab037\"},\"headline\":\"Allgemeine Gesch\u00e4ftsbedingungen f\u00fcr die Fahrzeugvermietung\",\"datePublished\":\"2018-09-10T13:47:28+00:00\",\"dateModified\":\"2018-09-10T13:58:08+00:00\",\"mainEntityOfPage\":{\"@id\":\"https:\\\/\\\/scheffler-bad-saarow.de\\\/fahrrad\\\/2018\\\/09\\\/10\\\/allgemeine-geschaeftsbedingungen-fuer-die-fahrzeugvermietung\\\/\"},\"wordCount\":270,\"commentCount\":0,\"articleSection\":[\"Leihfahrr\u00e4der\"],\"inLanguage\":\"de\",\"potentialAction\":[{\"@type\":\"CommentAction\",\"name\":\"Comment\",\"target\":[\"https:\\\/\\\/scheffler-bad-saarow.de\\\/fahrrad\\\/2018\\\/09\\\/10\\\/allgemeine-geschaeftsbedingungen-fuer-die-fahrzeugvermietung\\\/#respond\"]}]},{\"@type\":\"WebPage\",\"@id\":\"https:\\\/\\\/scheffler-bad-saarow.de\\\/fahrrad\\\/2018\\\/09\\\/10\\\/allgemeine-geschaeftsbedingungen-fuer-die-fahrzeugvermietung\\\/\",\"url\":\"https:\\\/\\\/scheffler-bad-saarow.de\\\/fahrrad\\\/2018\\\/09\\\/10\\\/allgemeine-geschaeftsbedingungen-fuer-die-fahrzeugvermietung\\\/\",\"name\":\"Allgemeine Gesch\u00e4ftsbedingungen f\u00fcr die Fahrzeugvermietung - Scheffler - Home Of Bikes\",\"isPartOf\":{\"@id\":\"https:\\\/\\\/scheffler-bad-saarow.de\\\/fahrrad\\\/#website\"},\"datePublished\":\"2018-09-10T13:47:28+00:00\",\"dateModified\":\"2018-09-10T13:58:08+00:00\",\"author\":{\"@id\":\"https:\\\/\\\/scheffler-bad-saarow.de\\\/fahrrad\\\/#\\\/schema\\\/person\\\/55a14bd8b1b65762a6c7bcc95d4ab037\"},\"breadcrumb\":{\"@id\":\"https:\\\/\\\/scheffler-bad-saarow.de\\\/fahrrad\\\/2018\\\/09\\\/10\\\/allgemeine-geschaeftsbedingungen-fuer-die-fahrzeugvermietung\\\/#breadcrumb\"},\"inLanguage\":\"de\",\"potentialAction\":[{\"@type\":\"ReadAction\",\"target\":[\"https:\\\/\\\/scheffler-bad-saarow.de\\\/fahrrad\\\/2018\\\/09\\\/10\\\/allgemeine-geschaeftsbedingungen-fuer-die-fahrzeugvermietung\\\/\"]}]},{\"@type\":\"BreadcrumbList\",\"@id\":\"https:\\\/\\\/scheffler-bad-saarow.de\\\/fahrrad\\\/2018\\\/09\\\/10\\\/allgemeine-geschaeftsbedingungen-fuer-die-fahrzeugvermietung\\\/#breadcrumb\",\"itemListElement\":[{\"@type\":\"ListItem\",\"position\":1,\"name\":\"Startseite\",\"item\":\"https:\\\/\\\/scheffler-bad-saarow.de\\\/fahrrad\\\/\"},{\"@type\":\"ListItem\",\"position\":2,\"name\":\"Allgemeine Gesch\u00e4ftsbedingungen f\u00fcr die Fahrzeugvermietung\"}]},{\"@type\":\"WebSite\",\"@id\":\"https:\\\/\\\/scheffler-bad-saarow.de\\\/fahrrad\\\/#website\",\"url\":\"https:\\\/\\\/scheffler-bad-saarow.de\\\/fahrrad\\\/\",\"name\":\"Scheffler - Home Of Bikes\",\"description\":\"Eine weitere Scheffler Websites Website\",\"potentialAction\":[{\"@type\":\"SearchAction\",\"target\":{\"@type\":\"EntryPoint\",\"urlTemplate\":\"https:\\\/\\\/scheffler-bad-saarow.de\\\/fahrrad\\\/?s={search_term_string}\"},\"query-input\":{\"@type\":\"PropertyValueSpecification\",\"valueRequired\":true,\"valueName\":\"search_term_string\"}}],\"inLanguage\":\"de\"},{\"@type\":\"Person\",\"@id\":\"https:\\\/\\\/scheffler-bad-saarow.de\\\/fahrrad\\\/#\\\/schema\\\/person\\\/55a14bd8b1b65762a6c7bcc95d4ab037\",\"name\":\"osec\",\"image\":{\"@type\":\"ImageObject\",\"inLanguage\":\"de\",\"@id\":\"https:\\\/\\\/secure.gravatar.com\\\/avatar\\\/9c694343bd433bf2f3630c4f88a1b5a99da8317b48ddf016a7089c4db1757a54?s=96&d=mm&r=g\",\"url\":\"https:\\\/\\\/secure.gravatar.com\\\/avatar\\\/9c694343bd433bf2f3630c4f88a1b5a99da8317b48ddf016a7089c4db1757a54?s=96&d=mm&r=g\",\"contentUrl\":\"https:\\\/\\\/secure.gravatar.com\\\/avatar\\\/9c694343bd433bf2f3630c4f88a1b5a99da8317b48ddf016a7089c4db1757a54?s=96&d=mm&r=g\",\"caption\":\"osec\"},\"url\":\"https:\\\/\\\/scheffler-bad-saarow.de\\\/fahrrad\\\/author\\\/osec\\\/\"}]}<\/script>\n<!-- \/ Yoast SEO plugin. -->","yoast_head_json":{"title":"Allgemeine Gesch\u00e4ftsbedingungen f\u00fcr die Fahrzeugvermietung - Scheffler - Home Of Bikes","robots":{"index":"index","follow":"follow","max-snippet":"max-snippet:-1","max-image-preview":"max-image-preview:large","max-video-preview":"max-video-preview:-1"},"canonical":"https:\/\/scheffler-bad-saarow.de\/fahrrad\/2018\/09\/10\/allgemeine-geschaeftsbedingungen-fuer-die-fahrzeugvermietung\/","og_locale":"de_DE","og_type":"article","og_title":"Allgemeine Gesch\u00e4ftsbedingungen f\u00fcr die Fahrzeugvermietung - Scheffler - Home Of Bikes","og_description":"Der Vermieter \u00fcbergibt das Fahrzeug in einem technisch ordnungsgem\u00e4\u00dfen und verkehrssicheren Zustand. Er f\u00fchrt erforderliche Anpassungen, z.B. Einstellen der Sattelh\u00f6he selbst durch. Der Mieter ist verpflichtet, das Fahrzeug sorgf\u00e4ltig zu behandeln. F\u00fcr Sch\u00e4den am Fahrzeug, die durch unsachgem\u00e4\u00dfe Behandlung entstehen (z.B. fahren mit zu niedrigem Luftdruck in den Reifen, fahren \u00fcber Bordsteinkanten oder \u00fcberlasten des [&hellip;]","og_url":"https:\/\/scheffler-bad-saarow.de\/fahrrad\/2018\/09\/10\/allgemeine-geschaeftsbedingungen-fuer-die-fahrzeugvermietung\/","og_site_name":"Scheffler - Home Of Bikes","article_published_time":"2018-09-10T13:47:28+00:00","article_modified_time":"2018-09-10T13:58:08+00:00","author":"osec","twitter_card":"summary_large_image","twitter_misc":{"Verfasst von":"osec","Gesch\u00e4tzte Lesezeit":"1\u00a0Minute"},"schema":{"@context":"https:\/\/schema.org","@graph":[{"@type":"Article","@id":"https:\/\/scheffler-bad-saarow.de\/fahrrad\/2018\/09\/10\/allgemeine-geschaeftsbedingungen-fuer-die-fahrzeugvermietung\/#article","isPartOf":{"@id":"https:\/\/scheffler-bad-saarow.de\/fahrrad\/2018\/09\/10\/allgemeine-geschaeftsbedingungen-fuer-die-fahrzeugvermietung\/"},"author":{"name":"osec","@id":"https:\/\/scheffler-bad-saarow.de\/fahrrad\/#\/schema\/person\/55a14bd8b1b65762a6c7bcc95d4ab037"},"headline":"Allgemeine Gesch\u00e4ftsbedingungen f\u00fcr die Fahrzeugvermietung","datePublished":"2018-09-10T13:47:28+00:00","dateModified":"2018-09-10T13:58:08+00:00","mainEntityOfPage":{"@id":"https:\/\/scheffler-bad-saarow.de\/fahrrad\/2018\/09\/10\/allgemeine-geschaeftsbedingungen-fuer-die-fahrzeugvermietung\/"},"wordCount":270,"commentCount":0,"articleSection":["Leihfahrr\u00e4der"],"inLanguage":"de","potentialAction":[{"@type":"CommentAction","name":"Comment","target":["https:\/\/scheffler-bad-saarow.de\/fahrrad\/2018\/09\/10\/allgemeine-geschaeftsbedingungen-fuer-die-fahrzeugvermietung\/#respond"]}]},{"@type":"WebPage","@id":"https:\/\/scheffler-bad-saarow.de\/fahrrad\/2018\/09\/10\/allgemeine-geschaeftsbedingungen-fuer-die-fahrzeugvermietung\/","url":"https:\/\/scheffler-bad-saarow.de\/fahrrad\/2018\/09\/10\/allgemeine-geschaeftsbedingungen-fuer-die-fahrzeugvermietung\/","name":"Allgemeine Gesch\u00e4ftsbedingungen f\u00fcr die Fahrzeugvermietung - Scheffler - Home Of Bikes","isPartOf":{"@id":"https:\/\/scheffler-bad-saarow.de\/fahrrad\/#website"},"datePublished":"2018-09-10T13:47:28+00:00","dateModified":"2018-09-10T13:58:08+00:00","author":{"@id":"https:\/\/scheffler-bad-saarow.de\/fahrrad\/#\/schema\/person\/55a14bd8b1b65762a6c7bcc95d4ab037"},"breadcrumb":{"@id":"https:\/\/scheffler-bad-saarow.de\/fahrrad\/2018\/09\/10\/allgemeine-geschaeftsbedingungen-fuer-die-fahrzeugvermietung\/#breadcrumb"},"inLanguage":"de","potentialAction":[{"@type":"ReadAction","target":["https:\/\/scheffler-bad-saarow.de\/fahrrad\/2018\/09\/10\/allgemeine-geschaeftsbedingungen-fuer-die-fahrzeugvermietung\/"]}]},{"@type":"BreadcrumbList","@id":"https:\/\/scheffler-bad-saarow.de\/fahrrad\/2018\/09\/10\/allgemeine-geschaeftsbedingungen-fuer-die-fahrzeugvermietung\/#breadcrumb","itemListElement":[{"@type":"ListItem","position":1,"name":"Startseite","item":"https:\/\/scheffler-bad-saarow.de\/fahrrad\/"},{"@type":"ListItem","position":2,"name":"Allgemeine Gesch\u00e4ftsbedingungen f\u00fcr die Fahrzeugvermietung"}]},{"@type":"WebSite","@id":"https:\/\/scheffler-bad-saarow.de\/fahrrad\/#website","url":"https:\/\/scheffler-bad-saarow.de\/fahrrad\/","name":"Scheffler - Home Of Bikes","description":"Eine weitere Scheffler Websites Website","potentialAction":[{"@type":"SearchAction","target":{"@type":"EntryPoint","urlTemplate":"https:\/\/scheffler-bad-saarow.de\/fahrrad\/?s={search_term_string}"},"query-input":{"@type":"PropertyValueSpecification","valueRequired":true,"valueName":"search_term_string"}}],"inLanguage":"de"},{"@type":"Person","@id":"https:\/\/scheffler-bad-saarow.de\/fahrrad\/#\/schema\/person\/55a14bd8b1b65762a6c7bcc95d4ab037","name":"osec","image":{"@type":"ImageObject","inLanguage":"de","@id":"https:\/\/secure.gravatar.com\/avatar\/9c694343bd433bf2f3630c4f88a1b5a99da8317b48ddf016a7089c4db1757a54?s=96&d=mm&r=g","url":"https:\/\/secure.gravatar.com\/avatar\/9c694343bd433bf2f3630c4f88a1b5a99da8317b48ddf016a7089c4db1757a54?s=96&d=mm&r=g","contentUrl":"https:\/\/secure.gravatar.com\/avatar\/9c694343bd433bf2f3630c4f88a1b5a99da8317b48ddf016a7089c4db1757a54?s=96&d=mm&r=g","caption":"osec"},"url":"https:\/\/scheffler-bad-saarow.de\/fahrrad\/author\/osec\/"}]}},"_links":{"self":[{"href":"https:\/\/scheffler-bad-saarow.de\/fahrrad\/wp-json\/wp\/v2\/posts\/707","targetHints":{"allow":["GET"]}}],"collection":[{"href":"https:\/\/scheffler-bad-saarow.de\/fahrrad\/wp-json\/wp\/v2\/posts"}],"about":[{"href":"https:\/\/scheffler-bad-saarow.de\/fahrrad\/wp-json\/wp\/v2\/types\/post"}],"author":[{"embeddable":true,"href":"https:\/\/scheffler-bad-saarow.de\/fahrrad\/wp-json\/wp\/v2\/users\/1"}],"replies":[{"embeddable":true,"href":"https:\/\/scheffler-bad-saarow.de\/fahrrad\/wp-json\/wp\/v2\/comments?post=707"}],"version-history":[{"count":2,"href":"https:\/\/scheffler-bad-saarow.de\/fahrrad\/wp-json\/wp\/v2\/posts\/707\/revisions"}],"predecessor-version":[{"id":714,"href":"https:\/\/scheffler-bad-saarow.de\/fahrrad\/wp-json\/wp\/v2\/posts\/707\/revisions\/714"}],"wp:attachment":[{"href":"https:\/\/scheffler-bad-saarow.de\/fahrrad\/wp-json\/wp\/v2\/media?parent=707"}],"wp:term":[{"taxonomy":"category","embeddable":true,"href":"https:\/\/scheffler-bad-saarow.de\/fahrrad\/wp-json\/wp\/v2\/categories?post=707"},{"taxonomy":"post_tag","embeddable":true,"href":"https:\/\/scheffler-bad-saarow.de\/fahrrad\/wp-json\/wp\/v2\/tags?post=707"}],"curies":[{"name":"wp","href":"https:\/\/api.w.org\/{rel}","templated":true}]}}